{"id":251,"date":"2018-02-01T06:00:31","date_gmt":"2018-02-01T05:00:31","guid":{"rendered":"http:\/\/holisticyou.de\/?p=251"},"modified":"2020-10-26T06:37:07","modified_gmt":"2020-10-26T05:37:07","slug":"warum-vegan","status":"publish","type":"post","link":"http:\/\/holisticyou.de\/?p=251","title":{"rendered":"Warum vegan? | Eine pers\u00f6nliche Entscheidung f\u00fcr die Welt und das Leben"},"content":{"rendered":"<p><\/p>\n<p style=\"text-align: justify;\">Immer mehr Menschen entscheiden sich <strong>f\u00fcr<\/strong> eine rein pflanzliche Ern\u00e4hrung und somit <strong>gegen<\/strong> den Konsum jeglicher tierischer Produkte. Wenn du dich mit der veganen Ern\u00e4hrung und den Gr\u00fcnden f\u00fcr diese Entscheidung noch nicht besch\u00e4ftigt hast, mag dieser Ern\u00e4hrungs- bzw. vielmehr Lebensstil im ersten Moment vielleicht radikal klingen. Andererseits kommt man den Fakten und dem aufsteigenden Ast der veganen Ern\u00e4hrung heutzutage kaum mehr aus. Und f\u00fcr mich pers\u00f6nlich ist es ehrlich gesagt schon das normalste auf Erden.<\/p>\n<p style=\"text-align: center;\"><em>\u201eDas beste Fleisch ist immer noch das Fruchtfleisch.\u201c<br \/>\n(Prof. Andreas Michalsen)<\/em><\/p>\n<p style=\"text-align: justify;\">Mit diesem Artikel m\u00f6chte ich weder Moralisieren, noch mit dem Finger auf diejenigen zeigen, die meine Meinung nicht teilen. Ich pers\u00f6nlich habe im Herbst 2013 eine Entscheidung getroffen, die mein Leben auf einer Vielzahl an Ebenen nachhaltig ver\u00e4ndert, ja regelrecht <strong>bereichert<\/strong> hat. Um meine Erfahrungen, mein Wissen und meine Meinung auf diesem Blog mit dir zu teilen, sehe ich es als unabdingbar, auch auf die vegane Bewegung einzugehen.<\/p>\n<p style=\"text-align: justify;\">Die Gr\u00fcnde f\u00fcr den Schritt zum Veganismus, meine Erfahrungen, die Tatsache, dass \u201evegan\u201c keine trendige Modeerscheinung ist und wie ich die Zukunft in Sachen <strong>Ern\u00e4hrung und<\/strong> <strong>Lebensweise<\/strong> sehe \u2013 all das erf\u00e4hrst du hier!<\/p>\n<p style=\"text-align: center;\"><em>\u201eNichts auf der Welt ist so m\u00e4chtig wie eine Idee, deren Zeit gekommen ist.&#8220;<br \/>\n(Alexander von Humboldt)<\/em><\/p>\n<p><em>\u00a0<\/em><\/p>\n<p>&nbsp;<\/p>\n<p>&nbsp;<\/p>\n<p>&nbsp;<\/p>\n<p>&nbsp;<\/p>\n<h1 style=\"text-align: center;\"><span style=\"font-family: 'book antiqua', palatino, serif; font-size: 14pt; color: #856410;\"><em>\u00a0~\u00a0<\/em>Aus Respekt und Liebe zum Leben ~<\/span><\/h1>\n<hr \/>\n<p style=\"text-align: justify;\">Vielleicht kennst du das: alles beginnt mit einem Gespr\u00e4ch, einem Artikel, einem Buch oder einem Film. Du wirst auf eine Sache aufmerksam gemacht; deine <strong>Gedanken<\/strong> k\u00f6nnen sich von diesem \u201eEreignis\u201c nicht mehr l\u00f6sen. Du f\u00e4ngst an, dich zu informieren, mehr Gespr\u00e4che zu f\u00fchren und dein bisheriges Tun und Handeln zu hinterfragen.<\/p>\n<p style=\"text-align: center;\"><em>\u201eTatsachen schafft man nicht dadurch aus der Welt,<br \/>\ndass man sie ignoriert.\u201c (Aldous Huxley)<\/em><\/p>\n<p style=\"text-align: justify;\">Genau so hat es bei mir angefangen. Es waren Gespr\u00e4che und es war vor allem ein darauffolgendes Buch, das ich gelesen hatte und das mein Leben nachhaltig ver\u00e4nderte: <strong>Peace food<\/strong> von R\u00fcdiger Dahlke.<\/p>\n<p style=\"text-align: justify;\">Auch, wenn Prof. Dahlke die CHINA-Study in seinem Buch sehr hervorhebt, waren es nicht gesundheitliche Gr\u00fcnde, die mich zu allererst zum Veganismus brachten. Es war vor allem die Bewusstwerdung \u00fcber den Umgang und das <strong>Leid der Tiere, <\/strong>es war die Erkenntnis \u00fcber die rigorose <strong>Vernichtung<\/strong> unseres gr\u00fcnen Planeten \u2013 durch die Produktion und unseren Konsum von Tierprodukten.<\/p>\n<p><img loading=\"lazy\" decoding=\"async\" class=\"wp-image-265 alignleft\" src=\"http:\/\/holisticyou.de\/wp-4afd5-content\/uploads\/photo_37579_20150421-585x877.jpg\" alt=\"\" width=\"268\" height=\"402\" srcset=\"http:\/\/holisticyou.de\/wp-4afd5-content\/uploads\/photo_37579_20150421-585x877.jpg 585w, http:\/\/holisticyou.de\/wp-4afd5-content\/uploads\/photo_37579_20150421-768x1152.jpg 768w, http:\/\/holisticyou.de\/wp-4afd5-content\/uploads\/photo_37579_20150421-1200x1800.jpg 1200w, http:\/\/holisticyou.de\/wp-4afd5-content\/uploads\/photo_37579_20150421-100x150.jpg 100w, http:\/\/holisticyou.de\/wp-4afd5-content\/uploads\/photo_37579_20150421.jpg 1867w\" sizes=\"(max-width: 268px) 100vw, 268px\" \/><\/p>\n<p style=\"text-align: center;\"><em>\u201eDie Gr\u00f6\u00dfe einer Nation und ihre moralische Reife lassen sich daran messen,<br \/>\nwie sie ihre Tiere behandelt.\u201c<br \/>\n(Mahatma Gandhi)<\/em><\/p>\n<p style=\"text-align: justify;\">Das tief emotional ber\u00fchrende Buch von Melanie Joy \u201eWarum wir Hunde lieben, Schweine essen und K\u00fche anziehen\u201c hat einen oben drauf gesetzt und meine Entscheidung nachhaltig bekr\u00e4ftigt. Die Sozialpsychologin beschreibt das Ph\u00e4nomen des gesellschaftlichen Verhaltens, Tiere zu essen, als <strong>\u201eKarnismus.\u201c<\/strong> Eine unantastbare, aber gleichzeitig gef\u00e4hrliche Ideologie, in die wir hineingeboren werden. In der Hoffnung, nichts von diesen routinierten Handlungen, die gesellschaftlich gar gefeiert werden, zu hinterfragen. Sie bringt uns nahe, wie unsere intuitiv angeborene ethische Haltung durch ein System mit unvertretbaren, aber fest eingesessenen Denkmustern radikal verdr\u00e4ngt wird.<\/p>\n<p style=\"text-align: center;\"><em>\u201eIch bin Leben, das leben will, inmitten von Leben, das leben will.&#8220;<br \/>\n(Albert Schweitzer)<\/em><\/p>\n<p>&nbsp;<\/p>\n<p style=\"text-align: justify;\">Um es auf den Punkt zu bringen: es geht um das <strong>T\u00f6ten<\/strong> der Tiere. Aber nicht nur! Das <strong>Halten, <\/strong>das <strong>Z\u00fcchten, <\/strong>das <strong>Ausbeuten<\/strong> von K\u00fchen, Rindern, Schweinen, H\u00fchnern, usw. hat nichts mehr mit Respekt vor dem Leben zu tun. K\u00fche am laufenden Band zu <strong>schw\u00e4ngern,<\/strong> um die vorgeschriebenen Produktionsmengen an Milch, K\u00e4se, Sahne, Joghurt zu produzieren; der Mutterkuh ihre K\u00e4lber zu entrei\u00dfen und dieses zu m\u00e4sten, zu t\u00f6ten und in den Handel zu bringen, kann und will ich nicht (mehr) unterst\u00fctzen. M\u00e4nnliche K\u00fcken aufgrund ihrer biologischen Natur des Nicht-Eier-legen-k\u00f6nnen direkt zu zerschreddern oder zu vergasen, weibliche K\u00fcken als Legemaschinen zur <strong>industriellen Eierproduktion<\/strong> mit der maschinellen Verk\u00fcrzung ihrer Schn\u00e4bel zu \u201ebenutzen\u201c, halte ich nicht f\u00fcr korrekt.<\/p>\n<p style=\"text-align: center;\"><em>\u201eWas erwarten wir denn von einer Religion,<br \/>\nwenn wir das Mitleid mit den Tieren ausschlie\u00dfen?&#8220;<br \/>\n(Richard Wagner)<\/em><\/p>\n<p><em>\u00a0<\/em><\/p>\n<p>&nbsp;<\/p>\n<p>&nbsp;<\/p>\n<p>&nbsp;<\/p>\n<p>&nbsp;<\/p>\n<p>&nbsp;<\/p>\n<h1 style=\"text-align: center;\"><span style=\"font-family: 'book antiqua', palatino, serif; font-size: 14pt; color: #856410;\">~ Keine gesunde Umwelt = Kein Leben! ~<\/span><\/h1>\n<hr \/>\n<p style=\"text-align: justify;\">Unser Planet kann problemlos ohne uns Menschen existieren. Aber wir Lebewesen, wir sind auf unseren Planeten Erde angewiesen. Aber was f\u00fcr eine Verbindung besteht zwischen dem Konsum tierischer Produkte und dem Umweltschutz? Eine Vielzahl, die nicht auf einer Hand abz\u00e4hlbar ist.<\/p>\n<p><img loading=\"lazy\" decoding=\"async\" class=\"size-medium wp-image-260 alignright\" src=\"http:\/\/holisticyou.de\/wp-4afd5-content\/uploads\/photo_38883_20150623-585x374.jpg\" alt=\"\" width=\"300\" height=\"192\" srcset=\"http:\/\/holisticyou.de\/wp-4afd5-content\/uploads\/photo_38883_20150623-585x374.jpg 585w, http:\/\/holisticyou.de\/wp-4afd5-content\/uploads\/photo_38883_20150623-768x491.jpg 768w, http:\/\/holisticyou.de\/wp-4afd5-content\/uploads\/photo_38883_20150623-1200x768.jpg 1200w, http:\/\/holisticyou.de\/wp-4afd5-content\/uploads\/photo_38883_20150623-100x64.jpg 100w\" sizes=\"(max-width: 300px) 100vw, 300px\" \/><\/p>\n<p style=\"text-align: center;\"><em>\u201eIn der lebendigen Natur geschieht nichts,<br \/>\nwas nicht in der Verbindung mit dem Ganzen steht.\u201c<br \/>\n(Johann Wolfgang von Goethe)<\/em><\/p>\n<p style=\"text-align: justify;\">Um die Tiere zu f\u00fcttern bzw. zu m\u00e4sten, werden enorme Mengen an <strong>(pflanzlichen)\u00a0<\/strong><strong>Ressourcen<\/strong> sowie Wasser ben\u00f6tigt. W\u00fcrden diese Pflanzen direkt, d.h. ohne den Umweg \u00fcber das Tier, in die menschliche Ern\u00e4hrung flie\u00dfen, st\u00fcnden der Weltbev\u00f6lkerung weit mehr Nahrungsmittel zur Verf\u00fcgung. Die sogenannten <strong>Veredelungsverluste<\/strong> sind die Energieverluste, die \u00fcber den tierischen Stoffwechsel verloren gehen. Laut Sch\u00e4tzungen der FAO flie\u00dfen 70% des weltweit verf\u00fcgbaren <strong>S\u00fc\u00dfwassers<\/strong> in die Landwirtschaft und dabei haupts\u00e4chlich in die Nutztierhaltung.<\/p>\n<p><img loading=\"lazy\" decoding=\"async\" class=\"size-medium wp-image-261 alignleft\" src=\"http:\/\/holisticyou.de\/wp-4afd5-content\/uploads\/photo_38960_20150625-585x383.jpg\" alt=\"\" width=\"300\" height=\"196\" srcset=\"http:\/\/holisticyou.de\/wp-4afd5-content\/uploads\/photo_38960_20150625-585x385.jpg 585w, http:\/\/holisticyou.de\/wp-4afd5-content\/uploads\/photo_38960_20150625-768x502.jpg 768w, http:\/\/holisticyou.de\/wp-4afd5-content\/uploads\/photo_38960_20150625-1200x785.jpg 1200w, http:\/\/holisticyou.de\/wp-4afd5-content\/uploads\/photo_38960_20150625-100x65.jpg 100w, http:\/\/holisticyou.de\/wp-4afd5-content\/uploads\/photo_38960_20150625-760x500.jpg 760w\" sizes=\"(max-width: 300px) 100vw, 300px\" \/><\/p>\n<p style=\"text-align: justify;\">Um den gigantischen Mengen an Tierfutter f\u00fcr die Massentierhaltungen in den westlichen Industriestaaten gerecht zu werden, werden Urw\u00e4lder, wie Brasiliens artenreicher <strong>Regenwald,<\/strong> gerodet. Das sorgt nicht nur f\u00fcr den Schwund der Artenvielfalt; die \u201egr\u00fcnen Lungen\u201c unseres Planeten gehen verloren. Die B\u00e4ume sind n\u00e4mlich effiziente Kohlendioxid-Speicher. Durch die Abholzung gelangen die klimaaktiven Gase in die Atmosph\u00e4re und beg\u00fcnstigen den Treibhauseffekt. Die Rodung der Regenw\u00e4lder f\u00fcr\u00a0den Sojaanbau steht also nicht mit unserem Tofu auf dem Teller, sondern vielmehr mit der Futtermittelherstellung f\u00fcr die Tierhaltung in unseren Breiten in\u00a0Verbindung.<\/p>\n<p style=\"text-align: justify;\">Durch die (Massen)Tierhaltung wird nicht nur das klimasch\u00e4dlichste Gas <strong>Methan<\/strong> (CH4) in gro\u00dfen Mengen freigesetzt, was \u00fcbrigens mind. 25x klimawirksamer ist als Kohlendioxid. Die Mengen an G\u00fclle, tierischen Ausscheidungen belasten und <strong>verschmutzen<\/strong> Boden, Grundwasser und Luft. Nicht zuletzt mit den Antibiotika-, Hormon- und Schadstoffr\u00fcckst\u00e4nden, womit die Tiere selbst belastet werden.<\/p>\n<p>&nbsp;<\/p>\n<p>&nbsp;<\/p>\n<p>&nbsp;<\/p>\n<p>&nbsp;<\/p>\n<p>&nbsp;<\/p>\n<h1 style=\"text-align: center;\"><span style=\"font-family: 'book antiqua', palatino, serif; font-size: 14pt; color: #856410;\">~ Gesundheit, Wohlbefinden und Mindset ~<\/span><\/h1>\n<hr \/>\n<p style=\"text-align: justify;\">Auch, wenn es nicht mein urspr\u00fcnglicher Beweggrund war, aus gesundheitlichen Gr\u00fcnden nur noch zu pflanzlichen Lebensmitteln zu greifen \u2013 durch mein Studium der <strong>Ern\u00e4hrungswissenschaften<\/strong> bin ich sehr schnell mit den wissenschaftlichen Erkenntnissen in Ber\u00fchrung gekommen. Wie schon anfangs erw\u00e4hnt war es zu Beginn R. Dahlkes Buch \u201ePeace food\u201c, in dem er die <strong>China Study<\/strong> f\u00fcr Laien verst\u00e4ndlich aufrollt. Aber mir wurde sehr bald klar, dass es nicht nur die eine Studie in China, sondern bereits eine Vielzahl an Untersuchungen gab, die f\u00fcr eine pflanzlich-vollwertige Ern\u00e4hrung sprechen. So konnte beispielsweise Atherosklerose oder auch Diabetes alleine durch eine Ern\u00e4hrungsumstellung bei etlichen Patienten geheilt werden. Dazu bietet \u00fcbrigens die Dokumentation \u201eGabel statt Skalpell\u201c (Fork over knives) mehr Hintergrundinformation.<\/p>\n<p style=\"text-align: center;\"><em>\u201eSo lebe ich fettlos, fleischlos, fischlos dahin, f\u00fchle mich aber ganz wohl dabei.<br \/>\nFast scheint mir, dass der Mensch gar nicht als Raubtier geboren ist.&#8220;<\/em><em><br \/>\n(Albert Einstein)<\/em><\/p>\n<p style=\"text-align: justify;\">Die Theorie ist eine Sache, die <strong>Praxis<\/strong> eine andere. Oder auch nicht: mit den ersten Schritten in die vegane K\u00fcche und Welt habe ich absolut ansprechende und wohltuende Erfahrungen gemacht. Es war ein Gef\u00fchl, als h\u00e4tte ich eine \u201eErn\u00e4hrung\u201c f\u00fcr mich gefunden, deren Vielfalt mir bei weitem nicht bekannt war.<\/p>\n<p><img loading=\"lazy\" decoding=\"async\" class=\"size-medium wp-image-255 alignright\" src=\"http:\/\/holisticyou.de\/wp-4afd5-content\/uploads\/IMG_4558-585x509.jpg\" alt=\"\" width=\"300\" height=\"261\" srcset=\"http:\/\/holisticyou.de\/wp-4afd5-content\/uploads\/IMG_4558-585x509.jpg 585w, http:\/\/holisticyou.de\/wp-4afd5-content\/uploads\/IMG_4558-768x669.jpg 768w, http:\/\/holisticyou.de\/wp-4afd5-content\/uploads\/IMG_4558-1200x1045.jpg 1200w, http:\/\/holisticyou.de\/wp-4afd5-content\/uploads\/IMG_4558-100x87.jpg 100w\" sizes=\"(max-width: 300px) 100vw, 300px\" \/><\/p>\n<p style=\"text-align: justify;\">Nat\u00fcrlich ist &#8222;vegan&#8220; nicht immer gleich <strong>gesund<\/strong> \u2013 das gilt \u00fcbrigens f\u00fcr jegliche Art von Ern\u00e4hrungsweise. Ich kam aber nicht direkt aus einer Fast Food-Junkiezeit; auch wenn der ein oder andere vegane Imbiss, Riegel &amp; Co vor allem in der Anfangszeit ein Muss war, stand bei mir die Vollwertigkeit schon von Anbeginn im Vordergrund.<\/p>\n<p style=\"text-align: justify;\">Selbstverst\u00e4ndlich habe ich mich durch den Dschungel der veganen Ern\u00e4hrungsformen informiert: 80\/10\/10 Rohkost, Starch Solution, Raw till 4, Paleo, etc. Ich habe das ein oder andere ausprobiert und f\u00fcr mich pers\u00f6nlich recht bald herausgefunden, dass mir ein gro\u00dfer Anteil an <strong>Rohkost<\/strong> besonders gut tut. Zu dem Zeitpunkt hat mich schon die Idee fasziniert, seine vollkommen eigenen Erfahrungen zu sammeln, sich eine eigene Meinung zu bilden und f\u00fcr sich selbst die Lebensmittel(gruppen) herauszufischen, die sich dein individueller, einzigartiger K\u00f6rper \u201ew\u00fcnscht.\u201c Denn was f\u00fcr mich funktioniert, muss nicht gleichzeitig der richtige Weg f\u00fcr dich sein.<\/p>\n<p style=\"text-align: center;\"><em>\u201eIch bin Vegetarier, das tut gut.<br \/>\nIch bin wacher und geistig beweglicher, wenn ich darauf achte, was ich esse.&#8220;<br \/>\n(Jean Ziegler)<\/em><\/p>\n<p style=\"text-align: justify;\">Der Umstieg auf vegane Ern\u00e4hrung hat aber nicht nur mein k\u00f6rperliches Wohlbefinden, meine Konzentration, Leistungsf\u00e4higkeit und somit mein Lebensgef\u00fchl auf physischer Ebene verbessert. Die <strong>geistige, mentale Ebene<\/strong> hat mich genauso erreicht. Das mag einerseits mit dem Hinterfragen alteingesessener, traditionell und gesellschaftlich als \u201enormal\u201c angesehener Verhaltensweisen zusammenh\u00e4ngen. Andererseits aber auch mit den Inhaltsstoffen, die wir \u00fcber die Nahrung aufnehmen. Mein Bewusstsein und die allgemeine Sicht auf das Leben und den Alltag ist klarer, fokussierter und entspannter geworden. Mit Dingen, die ich fr\u00fcher schnell als \u201eWeltuntergang\u201c empfunden habe, kann ich nun gelassener und l\u00f6sungsorientiert umgehen. Je mehr Rohkost in meiner Nahrung, desto intensiver kann ich die Welt mit meinen Sinnen wahrnehmen.<\/p>\n<p style=\"text-align: justify;\">Vor allem meine Beziehung zur <strong>Natur<\/strong> und den <strong>Tieren<\/strong> konnte ich vertiefen und f\u00fchle mich nun viel intensiver als Teil des Ganzen, als Teil dieser gro\u00dfen \u201eHeimat\u201c, des Zuhauses. Die Sonne, das Gr\u00fcn, die frische Luft \u2013 all das sind f\u00fcr mich ganz wesentliche Teile meines Lebens\u2026<\/p>\n<p style=\"text-align: center;\"><em>Mein Lebensgef\u00fchl, meine Lebenseinstellung und der Umgang mit Hindernissen im Leben<br \/>\nhat sich f\u00fcr mich in den vergangenen Jahren nachhaltig ge\u00e4ndert \u2013 zum Besseren.<\/em><\/p>\n<p>&nbsp;<\/p>\n<p>&nbsp;<\/p>\n<p>&nbsp;<\/p>\n<p>&nbsp;<\/p>\n<p>&nbsp;<\/p>\n<p>&nbsp;<\/p>\n<h1 style=\"text-align: center;\"><span style=\"font-family: 'book antiqua', palatino, serif; font-size: 14pt; color: #856410;\">~ Die Ern\u00e4hrung der Zukunft ~<\/span><\/h1>\n<hr \/>\n<p style=\"text-align: justify;\">Wie sieht meine pers\u00f6nliche Vorstellung von der Ern\u00e4hrung unserer Weltbev\u00f6lkerung in der Zukunft aus? Eines ist ziemlich sicher: unsere derzeitige Situation hat langfristig keine Zukunft. Die Zeit ist \u00fcberreif f\u00fcr ein Umdenken, ein Hinterfragen, f\u00fcr die <strong>Bewusstwerdung<\/strong> der Menschheit \u2013 welche weitreichenden Folgen wir mit unserem t\u00e4glichen Konsumverhalten haben.<\/p>\n<p style=\"text-align: center;\"><em>\u201eDie Erde hat genug f\u00fcr die Bed\u00fcrfnisse eines jeden Menschen, aber nicht f\u00fcr seine Gier.&#8220;<br \/>\n(Mahatma Gandhi)<\/em><\/p>\n<p><img loading=\"lazy\" decoding=\"async\" class=\"wp-image-262 alignleft\" src=\"http:\/\/holisticyou.de\/wp-4afd5-content\/uploads\/photo_48592_20151112-585x585.jpg\" alt=\"\" width=\"261\" height=\"261\" srcset=\"http:\/\/holisticyou.de\/wp-4afd5-content\/uploads\/photo_48592_20151112-585x585.jpg 585w, http:\/\/holisticyou.de\/wp-4afd5-content\/uploads\/photo_48592_20151112-150x150.jpg 150w, http:\/\/holisticyou.de\/wp-4afd5-content\/uploads\/photo_48592_20151112-768x768.jpg 768w, http:\/\/holisticyou.de\/wp-4afd5-content\/uploads\/photo_48592_20151112-1200x1200.jpg 1200w, http:\/\/holisticyou.de\/wp-4afd5-content\/uploads\/photo_48592_20151112-50x50.jpg 50w, http:\/\/holisticyou.de\/wp-4afd5-content\/uploads\/photo_48592_20151112-100x100.jpg 100w\" sizes=\"(max-width: 261px) 100vw, 261px\" \/><\/p>\n<p style=\"text-align: justify;\">Ich denke \u2026 ich bin mir ziemlich sicher, dass wir f\u00fcr diesen <strong>Shift in unserem Mindset<\/strong> bereit sind. Denn wenn wir soweit sind, vom Mangel- in ein F\u00fclle-Denken zu kommen, nimmt die Gier nach \u201eimmer mehr konsumieren m\u00fcssen\u201c ab. Weniger konsumieren bedeutet zu allererst weniger Produktion, weniger Leid, weniger Verschmutzung, weniger Krankheit.<\/p>\n<p style=\"text-align: justify;\">Auf lange Sicht bin ich der Meinung, dass sich die <strong>pflanzliche Ern\u00e4hrung<\/strong> durchsetzen kann. Schlie\u00dflich ist sie die ethisch, \u00f6kologisch und gesundheitlich nachhaltigste Form der Ern\u00e4hrung. Wann und ob es irgendwann tats\u00e4chlich m\u00f6glich ist, die Menschen rein pflanzlich zu ern\u00e4hren \u2013 f\u00fcr diese Antwort w\u00fcrde ich mich zu weit aus dem Fenster lehnen.<\/p>\n<p><em>\u00a0<\/em><\/p>\n<p>&nbsp;<\/p>\n<p>&nbsp;<\/p>\n<p>&nbsp;<\/p>\n<p>&nbsp;<\/p>\n<p>&nbsp;<\/p>\n<h1 style=\"text-align: center;\"><span style=\"color: #856410; font-family: 'book antiqua', palatino, serif; font-size: 14pt;\">~ Fazit: Warum vegan? ~<\/span><\/h1>\n<hr \/>\n<p style=\"text-align: justify;\">Was macht den veganen Lebensstil aus? In meinen Augen <strong>Respekt, Mitgef\u00fchl und Liebe.<\/strong> Und zwar allen Lebewesen gegen\u00fcber. Nicht nur den Tieren. Auch den Menschen. Genau deshalb m\u00f6chte ich niemanden, der diesen Lebensstil nicht mit mir teilt, verurteilen oder degradieren. Wir sind alle auf unserem eigenen Weg; wir lernen und machen Erfahrungen. Dadurch k\u00f6nnen wir uns gegenseitig austauschen und bereichern. Du mich und ich dich.<\/p>\n<p style=\"text-align: center;\"><em>\u201eNichts wird die Chance auf ein \u00dcberleben auf der Erde so steigern wie der Schritt zur vegetarischen Ern\u00e4hrung.&#8220;<\/em><em><br \/>\n(Albert Einstein)<\/em><\/p>\n<p style=\"text-align: justify;\">Und weil mich die vegane Lebensweise <strong>reicher<\/strong> gemacht, mich gesundheitlich und mental in meinem Leben unterst\u00fctzt, ist es mir ein Anliegen, diese Idee in die Welt zu tragen. Nicht zuletzt aber sind es die heutzutage <strong>notwendigen Beweggr\u00fcnde,<\/strong> die viele Menschen und mich haben umdenken lassen.<\/p>\n<p style=\"text-align: justify;\">Wie sieht es bei dir aus \u2013 hast du dich auch schon auf die <strong>Reise <\/strong>zu einer passenden<strong> Ern\u00e4hrung<\/strong> begeben? Konntest bereits intuitiv die Bed\u00fcrfnisse deines K\u00f6rpers erkennen und hast einen Weg gefunden, der sich f\u00fcr dich gut anf\u00fchlt, dir wohl bekommt und dir k\u00f6rperliche und mentale Energie schenkt? Und: wie stehst du zur veganen Wende?<\/p>\n<p style=\"text-align: center;\">Ich w\u00fcnsche dir einen ganz wundervollen Tag.<\/p>\n<p style=\"text-align: center;\">Alles Liebe &amp; eine gro\u00dfe Umarmung,<\/p>\n<p style=\"text-align: center;\"><span style=\"font-family: 'book antiqua', palatino, serif; font-size: 14pt;\"><strong><span style=\"color: #856410;\"><em>deine Isabel!<\/em><\/span><\/strong><\/span><\/p>\n<p>&nbsp;<\/p>\n<p>&nbsp;<\/p>\n<p><span style=\"color: #845610;\"><strong><span style=\"font-size: 10pt;\">Bilder<\/span><br \/>\n<\/strong><\/span><span style=\"font-size: 10pt;\">Unsplash (<a href=\"http:\/\/www.unsplash.com\">www.unsplash.com<\/a>)<\/span><\/p>","protected":false},"excerpt":{"rendered":"<p>Immer mehr Menschen entscheiden sich f\u00fcr eine rein pflanzliche Ern\u00e4hrung und somit gegen den Konsum jeglicher tierischer Produkte. Wenn du dich mit der veganen Ern\u00e4hrung und den Gr\u00fcnden f\u00fcr diese Entscheidung noch nicht besch\u00e4ftigt hast, mag dieser Ern\u00e4hrungs- bzw. vielmehr Lebensstil im ersten Moment vielleicht radikal klingen. Andererseits kommt man den Fakten und dem aufsteigenden [&hellip;]<\/p>\n","protected":false},"author":1,"featured_media":279,"comment_status":"open","ping_status":"closed","sticky":false,"template":"","format":"standard","meta":{"_exactmetrics_skip_tracking":false,"_exactmetrics_sitenote_active":false,"_exactmetrics_sitenote_note":"","_exactmetrics_sitenote_category":0,"footnotes":""},"categories":[5],"tags":[],"yoast_head":"<!-- This site is optimized with the Yoast SEO plugin v23.4 - https:\/\/yoast.com\/wordpress\/plugins\/seo\/ -->\n<title>Warum vegan? | Eine pers\u00f6nliche Entscheidung f\u00fcr die Welt und das Leben - Holistic You<\/title>\n<meta name=\"robots\" content=\"index, follow, max-snippet:-1, max-image-preview:large, max-video-preview:-1\" \/>\n<link rel=\"canonical\" href=\"http:\/\/holisticyou.de\/?p=251&lang=en\" \/>\n<meta property=\"og:locale\" content=\"de_DE\" \/>\n<meta property=\"og:type\" content=\"article\" \/>\n<meta property=\"og:title\" content=\"[:de]Warum vegan? | Eine pers\u00f6nliche Entscheidung f\u00fcr die Welt und das Leben[:en]Why vegan? | A personal decision for the world and life[:] - Holistic You\" \/>\n<meta property=\"og:description\" content=\"Immer mehr Menschen entscheiden sich f\u00fcr eine rein pflanzliche Ern\u00e4hrung und somit gegen den Konsum jeglicher tierischer Produkte. Wenn du dich mit der veganen Ern\u00e4hrung und den Gr\u00fcnden f\u00fcr diese Entscheidung noch nicht besch\u00e4ftigt hast, mag dieser Ern\u00e4hrungs- bzw. vielmehr Lebensstil im ersten Moment vielleicht radikal klingen. Andererseits kommt man den Fakten und dem aufsteigenden [&hellip;]\" \/>\n<meta property=\"og:url\" content=\"http:\/\/holisticyou.de\/?p=251&amp;lang=en\" \/>\n<meta property=\"og:site_name\" content=\"Holistic You\" \/>\n<meta property=\"article:author\" content=\"Isabel Maria\" \/>\n<meta property=\"article:published_time\" content=\"2018-02-01T05:00:31+00:00\" \/>\n<meta property=\"article:modified_time\" content=\"2020-10-26T05:37:07+00:00\" \/>\n<meta property=\"og:image\" content=\"http:\/\/holisticyou.de\/wp-4afd5-content\/uploads\/photo_67524_20160622.jpg\" \/>\n\t<meta property=\"og:image:width\" content=\"3500\" \/>\n\t<meta property=\"og:image:height\" content=\"2318\" \/>\n\t<meta property=\"og:image:type\" content=\"image\/jpeg\" \/>\n<meta name=\"author\" content=\"isabelbernhauser\" \/>\n<meta name=\"twitter:card\" content=\"summary_large_image\" \/>\n<meta name=\"twitter:creator\" content=\"@_holistic_you_\" \/>\n<meta name=\"twitter:label1\" content=\"Verfasst von\" \/>\n\t<meta name=\"twitter:data1\" content=\"isabelbernhauser\" \/>\n\t<meta name=\"twitter:label2\" content=\"Gesch\u00e4tzte Lesezeit\" \/>\n\t<meta name=\"twitter:data2\" content=\"20 Minuten\" \/>\n<script type=\"application\/ld+json\" class=\"yoast-schema-graph\">{\"@context\":\"https:\/\/schema.org\",\"@graph\":[{\"@type\":\"WebPage\",\"@id\":\"http:\/\/holisticyou.de\/?p=251&lang=en\",\"url\":\"http:\/\/holisticyou.de\/?p=251&lang=en\",\"name\":\"[:de]Warum vegan? | Eine pers\u00f6nliche Entscheidung f\u00fcr die Welt und das Leben[:en]Why vegan? | A personal decision for the world and life[:] - Holistic You\",\"isPartOf\":{\"@id\":\"http:\/\/holisticyou.de\/#website\"},\"primaryImageOfPage\":{\"@id\":\"http:\/\/holisticyou.de\/?p=251&lang=en#primaryimage\"},\"image\":{\"@id\":\"http:\/\/holisticyou.de\/?p=251&lang=en#primaryimage\"},\"thumbnailUrl\":\"http:\/\/holisticyou.de\/wp-4afd5-content\/uploads\/photo_67524_20160622.jpg\",\"datePublished\":\"2018-02-01T05:00:31+00:00\",\"dateModified\":\"2020-10-26T05:37:07+00:00\",\"author\":{\"@id\":\"http:\/\/holisticyou.de\/#\/schema\/person\/7e9a9ee5e2aefda09b4591edea1a2897\"},\"breadcrumb\":{\"@id\":\"http:\/\/holisticyou.de\/?p=251&lang=en#breadcrumb\"},\"inLanguage\":\"de-DE\",\"potentialAction\":[{\"@type\":\"ReadAction\",\"target\":[\"http:\/\/holisticyou.de\/?p=251&lang=en\"]}]},{\"@type\":\"ImageObject\",\"inLanguage\":\"de-DE\",\"@id\":\"http:\/\/holisticyou.de\/?p=251&lang=en#primaryimage\",\"url\":\"http:\/\/holisticyou.de\/wp-4afd5-content\/uploads\/photo_67524_20160622.jpg\",\"contentUrl\":\"http:\/\/holisticyou.de\/wp-4afd5-content\/uploads\/photo_67524_20160622.jpg\",\"width\":3500,\"height\":2318},{\"@type\":\"BreadcrumbList\",\"@id\":\"http:\/\/holisticyou.de\/?p=251&lang=en#breadcrumb\",\"itemListElement\":[{\"@type\":\"ListItem\",\"position\":1,\"name\":\"Startseite\",\"item\":\"http:\/\/holisticyou.de\/\"},{\"@type\":\"ListItem\",\"position\":2,\"name\":\"Why vegan? | A personal decision for the world and life\"}]},{\"@type\":\"WebSite\",\"@id\":\"http:\/\/holisticyou.de\/#website\",\"url\":\"http:\/\/holisticyou.de\/\",\"name\":\"Holistic You\",\"description\":\"Holistic Nutrition &amp; Yoga\",\"potentialAction\":[{\"@type\":\"SearchAction\",\"target\":{\"@type\":\"EntryPoint\",\"urlTemplate\":\"http:\/\/holisticyou.de\/?s={search_term_string}\"},\"query-input\":{\"@type\":\"PropertyValueSpecification\",\"valueRequired\":true,\"valueName\":\"search_term_string\"}}],\"inLanguage\":\"de-DE\"},{\"@type\":\"Person\",\"@id\":\"http:\/\/holisticyou.de\/#\/schema\/person\/7e9a9ee5e2aefda09b4591edea1a2897\",\"name\":\"isabelbernhauser\",\"image\":{\"@type\":\"ImageObject\",\"inLanguage\":\"de-DE\",\"@id\":\"http:\/\/holisticyou.de\/#\/schema\/person\/image\/\",\"url\":\"http:\/\/2.gravatar.com\/avatar\/bb34c6005d0229eb022b984775ec77cf?s=96&d=mm&r=g\",\"contentUrl\":\"http:\/\/2.gravatar.com\/avatar\/bb34c6005d0229eb022b984775ec77cf?s=96&d=mm&r=g\",\"caption\":\"isabelbernhauser\"},\"sameAs\":[\"Isabel Maria\",\"_holistic_you_\",\"https:\/\/x.com\/_holistic_you_\"],\"url\":\"http:\/\/holisticyou.de\/?author=1\"}]}<\/script>\n<!-- \/ Yoast SEO plugin. -->","yoast_head_json":{"title":"[:de]Warum vegan? | Eine pers\u00f6nliche Entscheidung f\u00fcr die Welt und das Leben[:en]Why vegan? | A personal decision for the world and life[:] - Holistic You","robots":{"index":"index","follow":"follow","max-snippet":"max-snippet:-1","max-image-preview":"max-image-preview:large","max-video-preview":"max-video-preview:-1"},"canonical":"http:\/\/holisticyou.de\/?p=251&lang=en","og_locale":"de_DE","og_type":"article","og_title":"[:de]Warum vegan? | Eine pers\u00f6nliche Entscheidung f\u00fcr die Welt und das Leben[:en]Why vegan? | A personal decision for the world and life[:] - Holistic You","og_description":"Immer mehr Menschen entscheiden sich f\u00fcr eine rein pflanzliche Ern\u00e4hrung und somit gegen den Konsum jeglicher tierischer Produkte. Wenn du dich mit der veganen Ern\u00e4hrung und den Gr\u00fcnden f\u00fcr diese Entscheidung noch nicht besch\u00e4ftigt hast, mag dieser Ern\u00e4hrungs- bzw. vielmehr Lebensstil im ersten Moment vielleicht radikal klingen. Andererseits kommt man den Fakten und dem aufsteigenden [&hellip;]","og_url":"http:\/\/holisticyou.de\/?p=251&lang=en","og_site_name":"Holistic You","article_author":"Isabel Maria","article_published_time":"2018-02-01T05:00:31+00:00","article_modified_time":"2020-10-26T05:37:07+00:00","og_image":[{"width":3500,"height":2318,"url":"http:\/\/holisticyou.de\/wp-4afd5-content\/uploads\/photo_67524_20160622.jpg","type":"image\/jpeg"}],"author":"isabelbernhauser","twitter_card":"summary_large_image","twitter_creator":"@_holistic_you_","twitter_misc":{"Verfasst von":"isabelbernhauser","Gesch\u00e4tzte Lesezeit":"20 Minuten"},"schema":{"@context":"https:\/\/schema.org","@graph":[{"@type":"WebPage","@id":"http:\/\/holisticyou.de\/?p=251&lang=en","url":"http:\/\/holisticyou.de\/?p=251&lang=en","name":"[:de]Warum vegan? | Eine pers\u00f6nliche Entscheidung f\u00fcr die Welt und das Leben[:en]Why vegan? | A personal decision for the world and life[:] - Holistic You","isPartOf":{"@id":"http:\/\/holisticyou.de\/#website"},"primaryImageOfPage":{"@id":"http:\/\/holisticyou.de\/?p=251&lang=en#primaryimage"},"image":{"@id":"http:\/\/holisticyou.de\/?p=251&lang=en#primaryimage"},"thumbnailUrl":"http:\/\/holisticyou.de\/wp-4afd5-content\/uploads\/photo_67524_20160622.jpg","datePublished":"2018-02-01T05:00:31+00:00","dateModified":"2020-10-26T05:37:07+00:00","author":{"@id":"http:\/\/holisticyou.de\/#\/schema\/person\/7e9a9ee5e2aefda09b4591edea1a2897"},"breadcrumb":{"@id":"http:\/\/holisticyou.de\/?p=251&lang=en#breadcrumb"},"inLanguage":"de-DE","potentialAction":[{"@type":"ReadAction","target":["http:\/\/holisticyou.de\/?p=251&lang=en"]}]},{"@type":"ImageObject","inLanguage":"de-DE","@id":"http:\/\/holisticyou.de\/?p=251&lang=en#primaryimage","url":"http:\/\/holisticyou.de\/wp-4afd5-content\/uploads\/photo_67524_20160622.jpg","contentUrl":"http:\/\/holisticyou.de\/wp-4afd5-content\/uploads\/photo_67524_20160622.jpg","width":3500,"height":2318},{"@type":"BreadcrumbList","@id":"http:\/\/holisticyou.de\/?p=251&lang=en#breadcrumb","itemListElement":[{"@type":"ListItem","position":1,"name":"Startseite","item":"http:\/\/holisticyou.de\/"},{"@type":"ListItem","position":2,"name":"Why vegan? | A personal decision for the world and life"}]},{"@type":"WebSite","@id":"http:\/\/holisticyou.de\/#website","url":"http:\/\/holisticyou.de\/","name":"Holistic You","description":"Holistic Nutrition &amp; Yoga","potentialAction":[{"@type":"SearchAction","target":{"@type":"EntryPoint","urlTemplate":"http:\/\/holisticyou.de\/?s={search_term_string}"},"query-input":{"@type":"PropertyValueSpecification","valueRequired":true,"valueName":"search_term_string"}}],"inLanguage":"de-DE"},{"@type":"Person","@id":"http:\/\/holisticyou.de\/#\/schema\/person\/7e9a9ee5e2aefda09b4591edea1a2897","name":"isabelbernhauser","image":{"@type":"ImageObject","inLanguage":"de-DE","@id":"http:\/\/holisticyou.de\/#\/schema\/person\/image\/","url":"http:\/\/2.gravatar.com\/avatar\/bb34c6005d0229eb022b984775ec77cf?s=96&d=mm&r=g","contentUrl":"http:\/\/2.gravatar.com\/avatar\/bb34c6005d0229eb022b984775ec77cf?s=96&d=mm&r=g","caption":"isabelbernhauser"},"sameAs":["Isabel Maria","_holistic_you_","https:\/\/x.com\/_holistic_you_"],"url":"http:\/\/holisticyou.de\/?author=1"}]}},"_links":{"self":[{"href":"http:\/\/holisticyou.de\/index.php?rest_route=\/wp\/v2\/posts\/251"}],"collection":[{"href":"http:\/\/holisticyou.de\/index.php?rest_route=\/wp\/v2\/posts"}],"about":[{"href":"http:\/\/holisticyou.de\/index.php?rest_route=\/wp\/v2\/types\/post"}],"author":[{"embeddable":true,"href":"http:\/\/holisticyou.de\/index.php?rest_route=\/wp\/v2\/users\/1"}],"replies":[{"embeddable":true,"href":"http:\/\/holisticyou.de\/index.php?rest_route=%2Fwp%2Fv2%2Fcomments&post=251"}],"version-history":[{"count":24,"href":"http:\/\/holisticyou.de\/index.php?rest_route=\/wp\/v2\/posts\/251\/revisions"}],"predecessor-version":[{"id":3171,"href":"http:\/\/holisticyou.de\/index.php?rest_route=\/wp\/v2\/posts\/251\/revisions\/3171"}],"wp:featuredmedia":[{"embeddable":true,"href":"http:\/\/holisticyou.de\/index.php?rest_route=\/wp\/v2\/media\/279"}],"wp:attachment":[{"href":"http:\/\/holisticyou.de\/index.php?rest_route=%2Fwp%2Fv2%2Fmedia&parent=251"}],"wp:term":[{"taxonomy":"category","embeddable":true,"href":"http:\/\/holisticyou.de\/index.php?rest_route=%2Fwp%2Fv2%2Fcategories&post=251"},{"taxonomy":"post_tag","embeddable":true,"href":"http:\/\/holisticyou.de\/index.php?rest_route=%2Fwp%2Fv2%2Ftags&post=251"}],"curies":[{"name":"wp","href":"https:\/\/api.w.org\/{rel}","templated":true}]}}